
{"id":198,"date":"2026-05-17T20:17:29","date_gmt":"2026-05-17T20:17:29","guid":{"rendered":"https:\/\/sprakowo.gminapiatnica.pl\/?p=198"},"modified":"2026-07-24T20:52:36","modified_gmt":"2026-07-24T20:52:36","slug":"spotkania-z-kurpiowszczyzna","status":"publish","type":"post","link":"https:\/\/sprakowo.gminapiatnica.pl\/?p=198","title":{"rendered":"Spotkania z KuRpiowszczyzn\u0105"},"content":{"rendered":"\n<p>14 maja uczniowie naszej szko\u0142y uczestniczyli w wycieczce do Muzeum &#8211; Skansenu Kurpiowskiego im. Adama Ch\u0119tnika w Nowogrodzie oraz do Muzeum Kurpiowskiego w Wachu. Celem wycieczki by\u0142o zrozumienie codziennego \u017cycia, historii i zwyczaj\u00f3w mieszka\u0144c\u00f3w Puszczy Zielonej, zwiedzanie jednego z pierwszych skansen\u00f3w w Polsce, podziwianie unikalnego po\u0142o\u017cenia skansenu na wysokiej skarpie nad Narwi\u0105, zwiedzanie muzeum &#8211; zapoznanie si\u0119 z kultur\u0105, folklorem i sztuk\u0105 ludow\u0105 Kurpi\u00f3w. Uczniowie uczestniczyli w warsztatach z pieczenia fafernuch\u00f3w oraz w warsztatach z obr\u00f3bki bursztynu. Wzi\u0119li udzia\u0142 w ognisko integracyjnym. Wycieczka by\u0142a cz\u0119\u015bci\u0105 projektu ,,Rozwoju kompetencji kluczowych i umiej\u0119tno\u015bci uniwersalnych niezb\u0119dnych na rynku pracy uczni\u00f3w szk\u00f3\u0142 podstawowych w gminie Pi\u0105tnica&#8221; dofinansowanego przez Uni\u0119 Europejsk\u0105 z Funduszy Europejskich.<\/p>\n\n\n\n<p><a href=\"https:\/\/www.facebook.com\/hashtag\/funduszeue?__cft__[0]=AZbE-WmW7cG13bk1gTF2kNynUgUdZCVyy8Rk7QbWIXCGWtE8bh3pgYkRXstmU_9i0i7QwW31n-prRgSigB-DO5SEs8S7X4xvYCAHjZKeMM_yhMC90uQCEMj3OQYIspLXv9MYVFr3E_ChsSxvLstcmj0usa23o2UBuYljKi4M3HarB5ds9xoe41JRCSW6EsOltik&amp;__tn__=*NK-R\">#FunduszeUE<\/a> <a href=\"https:\/\/www.facebook.com\/hashtag\/funduszeeuropejskie?__cft__[0]=AZbE-WmW7cG13bk1gTF2kNynUgUdZCVyy8Rk7QbWIXCGWtE8bh3pgYkRXstmU_9i0i7QwW31n-prRgSigB-DO5SEs8S7X4xvYCAHjZKeMM_yhMC90uQCEMj3OQYIspLXv9MYVFr3E_ChsSxvLstcmj0usa23o2UBuYljKi4M3HarB5ds9xoe41JRCSW6EsOltik&amp;__tn__=*NK-R\">#FunduszeEuropejskie<\/a> <a href=\"https:\/\/www.facebook.com\/hashtag\/europejskifunduszspo%C5%82ecznyplus?__cft__[0]=AZbE-WmW7cG13bk1gTF2kNynUgUdZCVyy8Rk7QbWIXCGWtE8bh3pgYkRXstmU_9i0i7QwW31n-prRgSigB-DO5SEs8S7X4xvYCAHjZKeMM_yhMC90uQCEMj3OQYIspLXv9MYVFr3E_ChsSxvLstcmj0usa23o2UBuYljKi4M3HarB5ds9xoe41JRCSW6EsOltik&amp;__tn__=*NK-R\">#EuropejskiFunduszSpo\u0142ecznyPlus<\/a><\/p>\n\n\n\n<figure class=\"wp-block-gallery has-nested-images columns-default is-cropped wp-block-gallery-1 is-layout-flex wp-block-gallery-is-layout-flex\">\n<figure class=\"wp-block-image size-large\"><img loading=\"lazy\" decoding=\"async\" width=\"768\" height=\"1024\" data-id=\"202\" src=\"https:\/\/sprakowo.gminapiatnica.pl\/wp-content\/uploads\/2026\/07\/87807a1b-cd53-408e-be87-28b440a1f565-768x1024.jpg\" alt=\"\" class=\"wp-image-202\" srcset=\"https:\/\/sprakowo.gminapiatnica.pl\/wp-content\/uploads\/2026\/07\/87807a1b-cd53-408e-be87-28b440a1f565-768x1024.jpg 768w, https:\/\/sprakowo.gminapiatnica.pl\/wp-content\/uploads\/2026\/07\/87807a1b-cd53-408e-be87-28b440a1f565-225x300.jpg 225w, https:\/\/sprakowo.gminapiatnica.pl\/wp-content\/uploads\/2026\/07\/87807a1b-cd53-408e-be87-28b440a1f565-1152x1536.jpg 1152w, https:\/\/sprakowo.gminapiatnica.pl\/wp-content\/uploads\/2026\/07\/87807a1b-cd53-408e-be87-28b440a1f565.jpg 1530w\" sizes=\"auto, (max-width: 768px) 100vw, 768px\" \/><\/figure>\n\n\n\n<figure class=\"wp-block-image size-large\"><img loading=\"lazy\" decoding=\"async\" width=\"768\" height=\"1024\" data-id=\"203\" src=\"https:\/\/sprakowo.gminapiatnica.pl\/wp-content\/uploads\/2026\/07\/337dc171-52e1-4a00-9f46-e495bd2db18d-768x1024.jpg\" alt=\"\" class=\"wp-image-203\" srcset=\"https:\/\/sprakowo.gminapiatnica.pl\/wp-content\/uploads\/2026\/07\/337dc171-52e1-4a00-9f46-e495bd2db18d-768x1024.jpg 768w, https:\/\/sprakowo.gminapiatnica.pl\/wp-content\/uploads\/2026\/07\/337dc171-52e1-4a00-9f46-e495bd2db18d-225x300.jpg 225w, https:\/\/sprakowo.gminapiatnica.pl\/wp-content\/uploads\/2026\/07\/337dc171-52e1-4a00-9f46-e495bd2db18d-1152x1536.jpg 1152w, https:\/\/sprakowo.gminapiatnica.pl\/wp-content\/uploads\/2026\/07\/337dc171-52e1-4a00-9f46-e495bd2db18d.jpg 1530w\" sizes=\"auto, (max-width: 768px) 100vw, 768px\" \/><\/figure>\n\n\n\n<figure class=\"wp-block-image size-large\"><img loading=\"lazy\" decoding=\"async\" width=\"1024\" height=\"768\" data-id=\"206\" src=\"https:\/\/sprakowo.gminapiatnica.pl\/wp-content\/uploads\/2026\/07\/79f0fd2b-01f7-4de9-a68e-c86cb70729f4-1-1024x768.jpg\" alt=\"\" class=\"wp-image-206\" srcset=\"https:\/\/sprakowo.gminapiatnica.pl\/wp-content\/uploads\/2026\/07\/79f0fd2b-01f7-4de9-a68e-c86cb70729f4-1-1024x768.jpg 1024w, https:\/\/sprakowo.gminapiatnica.pl\/wp-content\/uploads\/2026\/07\/79f0fd2b-01f7-4de9-a68e-c86cb70729f4-1-300x225.jpg 300w, https:\/\/sprakowo.gminapiatnica.pl\/wp-content\/uploads\/2026\/07\/79f0fd2b-01f7-4de9-a68e-c86cb70729f4-1-768x576.jpg 768w, https:\/\/sprakowo.gminapiatnica.pl\/wp-content\/uploads\/2026\/07\/79f0fd2b-01f7-4de9-a68e-c86cb70729f4-1-1536x1152.jpg 1536w, https:\/\/sprakowo.gminapiatnica.pl\/wp-content\/uploads\/2026\/07\/79f0fd2b-01f7-4de9-a68e-c86cb70729f4-1.jpg 2040w\" sizes=\"auto, (max-width: 1024px) 100vw, 1024px\" \/><\/figure>\n\n\n\n<figure class=\"wp-block-image size-large\"><img loading=\"lazy\" decoding=\"async\" width=\"768\" height=\"1024\" data-id=\"207\" src=\"https:\/\/sprakowo.gminapiatnica.pl\/wp-content\/uploads\/2026\/07\/568ee73b-5cb8-43ca-9cc9-976b3f8acfc3-1-768x1024.jpg\" alt=\"\" class=\"wp-image-207\" srcset=\"https:\/\/sprakowo.gminapiatnica.pl\/wp-content\/uploads\/2026\/07\/568ee73b-5cb8-43ca-9cc9-976b3f8acfc3-1-768x1024.jpg 768w, https:\/\/sprakowo.gminapiatnica.pl\/wp-content\/uploads\/2026\/07\/568ee73b-5cb8-43ca-9cc9-976b3f8acfc3-1-225x300.jpg 225w, https:\/\/sprakowo.gminapiatnica.pl\/wp-content\/uploads\/2026\/07\/568ee73b-5cb8-43ca-9cc9-976b3f8acfc3-1-1152x1536.jpg 1152w, https:\/\/sprakowo.gminapiatnica.pl\/wp-content\/uploads\/2026\/07\/568ee73b-5cb8-43ca-9cc9-976b3f8acfc3-1.jpg 1530w\" sizes=\"auto, (max-width: 768px) 100vw, 768px\" \/><\/figure>\n\n\n\n<figure class=\"wp-block-image size-large\"><img loading=\"lazy\" decoding=\"async\" width=\"768\" height=\"1024\" data-id=\"204\" src=\"https:\/\/sprakowo.gminapiatnica.pl\/wp-content\/uploads\/2026\/07\/9c6180c0-6233-428c-a62a-5f8566da4aab-1-768x1024.jpg\" alt=\"\" class=\"wp-image-204\" srcset=\"https:\/\/sprakowo.gminapiatnica.pl\/wp-content\/uploads\/2026\/07\/9c6180c0-6233-428c-a62a-5f8566da4aab-1-768x1024.jpg 768w, https:\/\/sprakowo.gminapiatnica.pl\/wp-content\/uploads\/2026\/07\/9c6180c0-6233-428c-a62a-5f8566da4aab-1-225x300.jpg 225w, https:\/\/sprakowo.gminapiatnica.pl\/wp-content\/uploads\/2026\/07\/9c6180c0-6233-428c-a62a-5f8566da4aab-1-1152x1536.jpg 1152w, https:\/\/sprakowo.gminapiatnica.pl\/wp-content\/uploads\/2026\/07\/9c6180c0-6233-428c-a62a-5f8566da4aab-1.jpg 1530w\" sizes=\"auto, (max-width: 768px) 100vw, 768px\" \/><\/figure>\n\n\n\n<figure class=\"wp-block-image size-large\"><img loading=\"lazy\" decoding=\"async\" width=\"1024\" height=\"768\" data-id=\"205\" src=\"https:\/\/sprakowo.gminapiatnica.pl\/wp-content\/uploads\/2026\/07\/2499325c-2580-47f0-90e2-2280382f060c-1024x768.jpg\" alt=\"\" class=\"wp-image-205\" srcset=\"https:\/\/sprakowo.gminapiatnica.pl\/wp-content\/uploads\/2026\/07\/2499325c-2580-47f0-90e2-2280382f060c-1024x768.jpg 1024w, https:\/\/sprakowo.gminapiatnica.pl\/wp-content\/uploads\/2026\/07\/2499325c-2580-47f0-90e2-2280382f060c-300x225.jpg 300w, https:\/\/sprakowo.gminapiatnica.pl\/wp-content\/uploads\/2026\/07\/2499325c-2580-47f0-90e2-2280382f060c-768x576.jpg 768w, https:\/\/sprakowo.gminapiatnica.pl\/wp-content\/uploads\/2026\/07\/2499325c-2580-47f0-90e2-2280382f060c-1536x1152.jpg 1536w, https:\/\/sprakowo.gminapiatnica.pl\/wp-content\/uploads\/2026\/07\/2499325c-2580-47f0-90e2-2280382f060c.jpg 2040w\" sizes=\"auto, (max-width: 1024px) 100vw, 1024px\" \/><\/figure>\n<\/figure>\n","protected":false},"excerpt":{"rendered":"<p>14 maja uczniowie naszej szko\u0142y uczestniczyli w wycieczce do Muzeum &#8211; Skansenu Kurpiowskiego im. Adama Ch\u0119tnika w Nowogrodzie oraz do Muzeum Kurpiowskiego w Wachu. Celem wycieczki by\u0142o zrozumienie codziennego \u017cycia, historii i zwyczaj\u00f3w mieszka\u0144c\u00f3w Puszczy Zielonej, zwiedzanie jednego z pierwszych skansen\u00f3w w Polsce, podziwianie unikalnego po\u0142o\u017cenia skansenu na wysokiej skarpie nad Narwi\u0105, zwiedzanie muzeum &#8211;&hellip;<\/p>\n","protected":false},"author":2,"featured_media":0,"comment_status":"open","ping_status":"open","sticky":false,"template":"","format":"standard","meta":{"footnotes":""},"categories":[7],"tags":[],"class_list":["post-198","post","type-post","status-publish","format-standard","hentry","category-akt"],"_links":{"self":[{"href":"https:\/\/sprakowo.gminapiatnica.pl\/index.php?rest_route=\/wp\/v2\/posts\/198","targetHints":{"allow":["GET"]}}],"collection":[{"href":"https:\/\/sprakowo.gminapiatnica.pl\/index.php?rest_route=\/wp\/v2\/posts"}],"about":[{"href":"https:\/\/sprakowo.gminapiatnica.pl\/index.php?rest_route=\/wp\/v2\/types\/post"}],"author":[{"embeddable":true,"href":"https:\/\/sprakowo.gminapiatnica.pl\/index.php?rest_route=\/wp\/v2\/users\/2"}],"replies":[{"embeddable":true,"href":"https:\/\/sprakowo.gminapiatnica.pl\/index.php?rest_route=%2Fwp%2Fv2%2Fcomments&post=198"}],"version-history":[{"count":4,"href":"https:\/\/sprakowo.gminapiatnica.pl\/index.php?rest_route=\/wp\/v2\/posts\/198\/revisions"}],"predecessor-version":[{"id":211,"href":"https:\/\/sprakowo.gminapiatnica.pl\/index.php?rest_route=\/wp\/v2\/posts\/198\/revisions\/211"}],"wp:attachment":[{"href":"https:\/\/sprakowo.gminapiatnica.pl\/index.php?rest_route=%2Fwp%2Fv2%2Fmedia&parent=198"}],"wp:term":[{"taxonomy":"category","embeddable":true,"href":"https:\/\/sprakowo.gminapiatnica.pl\/index.php?rest_route=%2Fwp%2Fv2%2Fcategories&post=198"},{"taxonomy":"post_tag","embeddable":true,"href":"https:\/\/sprakowo.gminapiatnica.pl\/index.php?rest_route=%2Fwp%2Fv2%2Ftags&post=198"}],"curies":[{"name":"wp","href":"https:\/\/api.w.org\/{rel}","templated":true}]}}